{"id":4328,"date":"2025-09-29T09:21:19","date_gmt":"2025-09-29T07:21:19","guid":{"rendered":"https:\/\/rocblanc.com\/?p=4328"},"modified":"2025-10-29T09:53:49","modified_gmt":"2025-10-29T08:53:49","slug":"via-ferrata-en-andorra","status":"publish","type":"post","link":"https:\/\/rocblanc.com\/es\/experiencias\/via-ferrata-en-andorra\/","title":{"rendered":"Gu\u00eda de las mejores V\u00edas Ferratas en Andorra"},"content":{"rendered":"<h1 style=\"text-align: center;\">Gu\u00eda de las mejores V\u00edas Ferratas en Andorra<\/h1>\n\t<div id=\"gap-203588273\" class=\"gap-element clearfix\" style=\"display:block; height:auto;\">\n\t\t\n<style>\n#gap-203588273 {\n  padding-top: 30px;\n}\n<\/style>\n\t<\/div>\n\t\n\t<div class=\"img has-hover x md-x lg-x y md-y lg-y\" id=\"image_49685775\">\n\t\t\t\t\t\t\t\t<div class=\"img-inner dark\" >\n\t\t\t<img decoding=\"async\" width=\"1020\" height=\"557\" src=\"https:\/\/rocblanc.com\/wp-content\/uploads\/2025\/09\/Via-Ferrata-Andorra-1.webp\" class=\"attachment-large size-large\" alt=\"Escalador en una pared rocosa empinada asegurado con cables y pelda\u00f1os en una v\u00eda ferrata Andorra, con vistas panor\u00e1micas de los Pirineos al fondo.\" srcset=\"https:\/\/rocblanc.com\/wp-content\/uploads\/2025\/09\/Via-Ferrata-Andorra-1.webp 1024w, https:\/\/rocblanc.com\/wp-content\/uploads\/2025\/09\/Via-Ferrata-Andorra-1-300x164.webp 300w, https:\/\/rocblanc.com\/wp-content\/uploads\/2025\/09\/Via-Ferrata-Andorra-1-768x419.webp 768w\" sizes=\"(max-width: 1020px) 100vw, 1020px\" \/>\t\t\t\t\t\t\n\t\t\t\t\t<\/div>\n\t\t\t\t\t\t\t\t\n<style>\n#image_49685775 {\n  width: 100%;\n}\n<\/style>\n\t<\/div>\n\t\n\t<div id=\"gap-1794354182\" class=\"gap-element clearfix\" style=\"display:block; height:auto;\">\n\t\t\n<style>\n#gap-1794354182 {\n  padding-top: 30px;\n}\n<\/style>\n\t<\/div>\n\t\n<p>La adrenalina de la monta\u00f1a te llama. Si buscas una forma diferente de explorar los paisajes, prep\u00e1rate para descubrir <strong>las v\u00edas ferratas en Andorra<\/strong>. Estas rutas, a medio camino entre el senderismo y la escalada, <strong>te permiten ascender por paredes rocosas de forma segura, equipadas con cables y pelda\u00f1os de metal<\/strong>. Es la actividad perfecta para sentir el desaf\u00edo de la altura y disfrutar de vistas panor\u00e1micas que te dejar\u00e1n sin aliento. \u00bfSab\u00edas que el origen de esta actividad se remonta a la Primera Guerra Mundial, cuando se crearon para facilitar el movimiento de las tropas en los Alpes? Hoy, son una forma segura de disfrutar del alpinismo para cualquier persona.<\/p>\n<p>Esta gu\u00eda te llevar\u00e1 a trav\u00e9s de las mejores v\u00edas ferratas del pa\u00eds, desde las m\u00e1s sencillas para quienes se inician hasta las m\u00e1s exigentes para los aventureros experimentados. Al final de tu jornada, el <a href=\"https:\/\/rocblanc.com\/es\/\">Hotel Spa Roc Blan<\/a>c te ofrece el lugar ideal para que te relajes y recuperes energ\u00edas en su spa de aguas termales.<\/p>\n\t<div id=\"gap-527502279\" class=\"gap-element clearfix\" style=\"display:block; height:auto;\">\n\t\t\n<style>\n#gap-527502279 {\n  padding-top: 30px;\n}\n<\/style>\n\t<\/div>\n\t\n<h2>\u00bfQu\u00e9 es una v\u00eda ferrata?<\/h2>\n<p>Antes de lanzarte a la aventura, conviene entender qu\u00e9 es una v\u00eda ferrata.<strong> Una v\u00eda ferrata, que significa \u00abcamino de hierro\u00bb en italiano<\/strong>, es una ruta de monta\u00f1a equipada con elementos fijos como escalones met\u00e1licos, pasamanos, grapas, cadenas, y, lo m\u00e1s importante, un cable de seguridad al que los escaladores se anclan en todo momento. Esta infraestructura facilita el avance por paredes rocosas y tramos verticales que, de otra forma, requerir\u00edan t\u00e9cnicas de escalada mucho m\u00e1s avanzadas.<\/p>\n<p>Las v\u00edas ferratas\u00a0 ofrecen una experiencia accesible, emocionante y con vistas privilegiadas.<\/p>\n<p><strong>Andorra ha sabido capitalizar su geograf\u00eda monta\u00f1osa para ofrecer una red de v\u00edas ferratas de primer nivel<\/strong>. Su clima, con veranos secos y soleados, es ideal para esta actividad. Adem\u00e1s, el pa\u00eds ha invertido en el mantenimiento y la se\u00f1alizaci\u00f3n de sus rutas, garantizando la seguridad y la calidad de la experiencia. La proximidad de las v\u00edas a las principales zonas tur\u00edsticas como Escaldes-Engordany y Andorra la Vella facilita el acceso, permitiendo a los visitantes combinar la aventura al aire libre con el ocio y la relajaci\u00f3n que ofrecen sus ciudades.<\/p>\n\t<div id=\"gap-345895675\" class=\"gap-element clearfix\" style=\"display:block; height:auto;\">\n\t\t\n<style>\n#gap-345895675 {\n  padding-top: 30px;\n}\n<\/style>\n\t<\/div>\n\t\n<h2>Principales V\u00edas Ferratas en Andorra<\/h2>\n<p>Andorra se ha consolidado como un destino l\u00edder en la escalada equipada, ofreciendo una red de v\u00edas ferratas que se adaptan a todos los niveles de habilidad y experiencia. A continuaci\u00f3n, te presentamos una gu\u00eda detallada de las rutas m\u00e1s destacadas, clasificadas por su dificultad. <\/p>\n<h3>V\u00edas ferratas en Andorra para principiantes<\/h3>\n<p>Para quienes se inician en el mundo de las <a href=\"https:\/\/visitandorra.com\/es\/naturaleza--deportes\/search\/vias-ferratas-en-andorra\/\" target=\"_blank\" rel=\"nofollow noopener\">v\u00edas ferratas<\/a>, <strong>Andorra ofrece rutas dise\u00f1adas para ser accesibles y seguras<\/strong>, permitiendo a los novatos familiarizarse con el equipo y las t\u00e9cnicas b\u00e1sicas sin un riesgo excesivo. Estas rutas son perfectas para familias o para aquellos que, aun sin experiencia, tienen una buena condici\u00f3n f\u00edsica y no temen a las alturas.<\/p>\n\t<div id=\"gap-2001655253\" class=\"gap-element clearfix\" style=\"display:block; height:auto;\">\n\t\t\n<style>\n#gap-2001655253 {\n  padding-top: 30px;\n}\n<\/style>\n\t<\/div>\n\t\n<h4>1. Via Ferrata Segudet (Ordino)<\/h4>\n<p>Ubicada en la parroquia de Ordino, la <strong>v\u00eda ferrata Segudet<\/strong> es una excelente opci\u00f3n para principiantes y familias. Con un nivel de dificultad K1-K2 (escala de 1 a 5, siendo 1 la m\u00e1s f\u00e1cil), su recorrido es relativamente corto (unos 250 metros de longitud y 75 metros de desnivel) y<strong> no presenta grandes dificultades t\u00e9cnicas<\/strong>.<\/p>\n<p><strong>La ruta combina tramos verticales con peque\u00f1os flanqueos y puentes, proporcionando una experiencia variada y entretenida<\/strong>. La aproximaci\u00f3n es corta y el descenso se realiza por un sendero bien marcado, lo que la convierte en una opci\u00f3n muy popular para un primer contacto con este deporte. La belleza del entorno boscoso y las vistas del valle de Ordino son un aliciente adicional.<\/p>\n<p><strong>Caracter\u00edsticas principales:<\/strong><\/p>\n<ul>\n<li><strong>Dificultad:<\/strong> K2 (f\u00e1cil)<\/li>\n<li><strong>Duraci\u00f3n:<\/strong> 1h30 a 2h<\/li>\n<li><strong>Altura:<\/strong> 150 metros<\/li>\n<li><strong>Puntos destacados:<\/strong> se asciende junto a una cascada, lo que aporta frescura y belleza al recorrido.<\/li>\n<\/ul>\n<p><strong>Por qu\u00e9 elegirla:<\/strong><br \/>Es perfecta para familias, debutantes o quienes quieran experimentar una primera toma de contacto con la escalada sin demasiadas exigencias t\u00e9cnicas.<\/p>\n\t<div id=\"gap-139506972\" class=\"gap-element clearfix\" style=\"display:block; height:auto;\">\n\t\t\n<style>\n#gap-139506972 {\n  padding-top: 30px;\n}\n<\/style>\n\t<\/div>\n\t\n<h4>2. V\u00eda ferrata Roc de Senders<\/h4>\n<p>Si te hospedas cerca de la capital, la v\u00eda ferrata Andorra la Vella, o m\u00e1s espec\u00edficamente, la v\u00eda ferrata Roc de Senders, es una opci\u00f3n ideal. <strong>Calificada como K1, esta ruta es extremadamente accesible y ofrece vistas espectaculares de Andorra la Vella y sus alrededores<\/strong>. El recorrido es corto y los tramos verticales son suaves, con abundantes grapas que hacen que el ascenso sea m\u00e1s una caminata vertical que una escalada.<\/p>\n<p>Es una v\u00eda perfecta para calentar antes de rutas m\u00e1s exigentes o para disfrutar de una actividad diferente sin alejarse demasiado de la ciudad.<\/p>\n<p><strong>Caracter\u00edsticas principales:<\/strong><\/p>\n<ul>\n<li><strong>Dificultad:<\/strong> K1 (muy f\u00e1cil)<\/li>\n<li><strong>Duraci\u00f3n:<\/strong> 30 a 45 minutos<\/li>\n<li><strong>Altura:<\/strong> 70 metros de desnivel aproximado<\/li>\n<li><strong>Ubicaci\u00f3n:<\/strong> Andorra la Vella<\/li>\n<li><strong>Puntos destacados:<\/strong> vistas abiertas sobre la ciudad y el valle, con un recorrido muy bien equipado con grapas y tramos verticales suaves.<\/li>\n<\/ul>\n<p><strong>Por qu\u00e9 elegirla:<\/strong><\/p>\n<p>La v\u00eda ferrata Roc de Senders <strong>es perfecta si buscas una actividad corta, sencilla y segura, ideal para familias, debutantes o como preparaci\u00f3n antes de afrontar rutas m\u00e1s t\u00e9cnicas<\/strong>. Adem\u00e1s, al estar ubicada junto a Andorra la Vella, es una alternativa excelente si te hospedas en el centro y quieres combinar turismo urbano con naturaleza sin necesidad de desplazarte demasiado.<\/p>\n\t<div id=\"gap-1454617633\" class=\"gap-element clearfix\" style=\"display:block; height:auto;\">\n\t\t\n<style>\n#gap-1454617633 {\n  padding-top: 30px;\n}\n<\/style>\n\t<\/div>\n\t\n\t<div class=\"img has-hover x md-x lg-x y md-y lg-y\" id=\"image_346968361\">\n\t\t\t\t\t\t\t\t<div class=\"img-inner dark\" >\n\t\t\t<img decoding=\"async\" width=\"1020\" height=\"533\" src=\"https:\/\/rocblanc.com\/wp-content\/uploads\/2025\/09\/via-ferrata-en-andorra-para-principiantes-1.webp\" class=\"attachment-large size-large\" alt=\"Familia con adolescentes en v\u00eda ferrata para principiantes en Andorra.\" srcset=\"https:\/\/rocblanc.com\/wp-content\/uploads\/2025\/09\/via-ferrata-en-andorra-para-principiantes-1.webp 1024w, https:\/\/rocblanc.com\/wp-content\/uploads\/2025\/09\/via-ferrata-en-andorra-para-principiantes-1-300x157.webp 300w, https:\/\/rocblanc.com\/wp-content\/uploads\/2025\/09\/via-ferrata-en-andorra-para-principiantes-1-768x401.webp 768w\" sizes=\"(max-width: 1020px) 100vw, 1020px\" \/>\t\t\t\t\t\t\n\t\t\t\t\t<\/div>\n\t\t\t\t\t\t\t\t\n<style>\n#image_346968361 {\n  width: 100%;\n}\n<\/style>\n\t<\/div>\n\t\n\t<div id=\"gap-1909090268\" class=\"gap-element clearfix\" style=\"display:block; height:auto;\">\n\t\t\n<style>\n#gap-1909090268 {\n  padding-top: 30px;\n}\n<\/style>\n\t<\/div>\n\t\n<h3>V\u00edas ferratas en Andorra de dificultad media<\/h3>\n<p>Una vez que te sientas c\u00f3modo con el equipo y las alturas, puedes pasar a las rutas de dificultad media (K3-K4), que<strong> presentan tramos m\u00e1s largos, verticales y a\u00e9reos<\/strong>. Estas v\u00edas <strong>requieren una buena forma f\u00edsica y mental<\/strong>, pero no son inalcanzables para quienes tienen algo de experiencia en monta\u00f1a.<\/p>\n<h4>1. Via Ferrata Roc del Quer<\/h4>\n<p>La <strong>v\u00eda ferrata Roc del Quer<\/strong> es una de las m\u00e1s famosas del Principado, ubicada en Canillo. Se trata de una <strong>ruta de dificultad media que asciende hasta el famoso mirador del Roc del Quer<\/strong>, uno de los iconos tur\u00edsticos de Andorra.<\/p>\n<p>Es una v\u00eda larga y expuesta que ofrece una experiencia de gran envergadura. El recorrido sigue una l\u00ednea ascendente por la imponente pared del Roc del Quer, con tramos verticales, traves\u00edas horizontales y un ambiente a\u00e9reo constante. Si bien su acceso es relativamente f\u00e1cil, <strong>la v\u00eda en s\u00ed misma es demandante y requiere concentraci\u00f3n<\/strong>.<\/p>\n<p>La recompensa son las impresionantes vistas del Mirador del Roc del Quer y el valle de Canillo, que justifican cada paso y cada gota de sudor. <strong>Es una ruta que se ha ganado su fama por la combinaci\u00f3n de desaf\u00edo y belleza paisaj\u00edstica<\/strong>.<\/p>\n<p><strong>Caracter\u00edsticas principales:<\/strong><\/p>\n<ul>\n<li><strong>Dificultad:<\/strong> K3 (media)<\/li>\n<li><strong>Duraci\u00f3n:<\/strong> 2 horas aproximadamente<\/li>\n<li><strong>Altura m\u00e1xima:<\/strong> 300 metros<\/li>\n<li><strong>Puntos destacados:<\/strong> vistas panor\u00e1micas del valle de Canillo y del mirador suspendido de vidrio.<\/li>\n<\/ul>\n<p><strong>Por qu\u00e9 elegirla:<\/strong><br \/>Esta v\u00eda <strong>combina la emoci\u00f3n de la escalada con la posibilidad de visitar uno de los miradores m\u00e1s espectaculares de Andorra<\/strong>. Perfecta para quienes buscan aventura y fotograf\u00eda en un mismo recorrido.<\/p>\n\t<div id=\"gap-1503525384\" class=\"gap-element clearfix\" style=\"display:block; height:auto;\">\n\t\t\n<style>\n#gap-1503525384 {\n  padding-top: 30px;\n}\n<\/style>\n\t<\/div>\n\t\n<h4>2. V\u00eda ferrata de Sant Vicen\u00e7 d&#8217;Enclar<\/h4>\n<p>Cerca de la parroquia de Santa Coloma, la <strong>v\u00eda ferrata de Sant Vicen\u00e7 d&#8217;Enclar<\/strong> (K3) es una opci\u00f3n fascinante que combina deporte e historia. <strong>Esta ruta te lleva hasta las ruinas de la iglesia de Sant Vicen\u00e7 d&#8217;Enclar, una joya rom\u00e1nica con vistas privilegiadas de los valles<\/strong>. La v\u00eda es muy a\u00e9rea y cuenta con puentes y tramos vertiginosos que te har\u00e1n sentir la adrenalina. Su car\u00e1cter hist\u00f3rico y su proximidad a Andorra la Vella la hacen una opci\u00f3n muy atractiva para quienes buscan algo m\u00e1s que un simple ascenso.<\/p>\n<p><strong>Caracter\u00edsticas principales:<\/strong><\/p>\n<ul>\n<li><strong>Dificultad:<\/strong> K3 (media)<\/li>\n<li><strong>Duraci\u00f3n:<\/strong> 1h30 a 2 horas<\/li>\n<li><strong>Altura:<\/strong> 120 metros de desnivel<\/li>\n<li><strong>Ubicaci\u00f3n:<\/strong> Santa Coloma, Andorra la Vella<\/li>\n<li><strong>Puntos destacados:<\/strong> vistas panor\u00e1micas sobre los valles, tramos a\u00e9reos, puentes y escalones verticales, adem\u00e1s de acceso a las ruinas rom\u00e1nicas de la iglesia de Sant Vicen\u00e7 d\u2019Enclar.<\/li>\n<\/ul>\n<p><strong>Por qu\u00e9 elegirla:<\/strong><br \/>Esta v\u00eda ferrata es <strong>ideal para quienes buscan combinar aventura y cultura<\/strong>. La ruta ofrece adrenalina con sus tramos vertiginosos y puentes, mientras permite descubrir un patrimonio hist\u00f3rico \u00fanico cerca de la capital. Su cercan\u00eda a Andorra la Vella la hace perfecta para quienes desean disfrutar de la naturaleza sin alejarse de la ciudad.<\/p>\n\t<div id=\"gap-928464787\" class=\"gap-element clearfix\" style=\"display:block; height:auto;\">\n\t\t\n<style>\n#gap-928464787 {\n  padding-top: 30px;\n}\n<\/style>\n\t<\/div>\n\t\n\t<div class=\"img has-hover x md-x lg-x y md-y lg-y\" id=\"image_1250576880\">\n\t\t\t\t\t\t\t\t<div class=\"img-inner dark\" >\n\t\t\t<img decoding=\"async\" width=\"1020\" height=\"533\" src=\"https:\/\/rocblanc.com\/wp-content\/uploads\/2025\/09\/via-ferrata-de-segudet.webp\" class=\"attachment-large size-large\" alt=\"Escalador en la V\u00eda Ferrata de Segudet.\" srcset=\"https:\/\/rocblanc.com\/wp-content\/uploads\/2025\/09\/via-ferrata-de-segudet.webp 1024w, https:\/\/rocblanc.com\/wp-content\/uploads\/2025\/09\/via-ferrata-de-segudet-300x157.webp 300w, https:\/\/rocblanc.com\/wp-content\/uploads\/2025\/09\/via-ferrata-de-segudet-768x401.webp 768w\" sizes=\"(max-width: 1020px) 100vw, 1020px\" \/>\t\t\t\t\t\t\n\t\t\t\t\t<\/div>\n\t\t\t\t\t\t\t\t\n<style>\n#image_1250576880 {\n  width: 100%;\n}\n<\/style>\n\t<\/div>\n\t\n\t<div id=\"gap-1713156258\" class=\"gap-element clearfix\" style=\"display:block; height:auto;\">\n\t\t\n<style>\n#gap-1713156258 {\n  padding-top: 30px;\n}\n<\/style>\n\t<\/div>\n\t\n<h3>V\u00edas ferratas en Andorra para expertos<\/h3>\n<p>Para los escaladores m\u00e1s experimentados que buscan un verdadero reto, Andorra tiene rutas que superan el nivel K4, exigiendo no solo una excelente condici\u00f3n f\u00edsica, sino tambi\u00e9n fuerza en brazos y una gran resistencia a las alturas.<\/p>\n<h4>1. V\u00eda ferrata Roc del Gos<\/h4>\n<p>Con un nivel de dificultad K4, la v\u00eda ferrata Roc del Gos es conocida por sus tramos t\u00e9cnicos y su gran verticalidad. <strong>Ubicada en la misma zona que la del Roc del Quer, esta v\u00eda es m\u00e1s corta pero mucho m\u00e1s intensa<\/strong>. Requiere un buen manejo del equipo y una preparaci\u00f3n f\u00edsica superior. Los pasos son a\u00e9reos y exigentes, con algunos desplomes que pondr\u00e1n a prueba tu fuerza. Es una ruta para quienes buscan superar sus l\u00edmites y enfrentarse a un desaf\u00edo real.<\/p>\n<p><strong>Caracter\u00edsticas principales:<\/strong><\/p>\n<ul>\n<li><strong>Dificultad:<\/strong> K4 (media-alta)<\/li>\n<li><strong>Duraci\u00f3n:<\/strong> 1h30 a 2 horas<\/li>\n<li><strong>Altura:<\/strong> 150 metros de desnivel<\/li>\n<li><strong>Ubicaci\u00f3n:<\/strong> Canillo, cerca del Roc del Quer<\/li>\n<li><strong>Puntos destacados:<\/strong> tramos a\u00e9reos y verticales, desplomes exigentes, pasos t\u00e9cnicos que ponen a prueba la fuerza y el manejo del equipo.<\/li>\n<\/ul>\n<p><strong>Por qu\u00e9 elegirla:<\/strong><br \/>Es perfecta para escaladores que buscan superar sus l\u00edmites y vivir una experiencia intensa. <strong>Ideal para quienes ya tienen experiencia en ferratas<\/strong> y quieren enfrentarse a un reto real en un entorno espectacular de monta\u00f1a.<\/p>\n\t<div id=\"gap-1100065488\" class=\"gap-element clearfix\" style=\"display:block; height:auto;\">\n\t\t\n<style>\n#gap-1100065488 {\n  padding-top: 30px;\n}\n<\/style>\n\t<\/div>\n\t\n<h4>2. V\u00eda ferrata Bony d&#8217;Envalira<\/h4>\n<p>Situada a una altitud considerable cerca del Pas de la Casa, la <strong>v\u00eda ferrata Bony d&#8217;Envalira (K3) ofrece una experiencia de alta monta\u00f1a<\/strong>. Aunque su dificultad se clasifica como media-dif\u00edcil, su ubicaci\u00f3n y la exposici\u00f3n al clima la hacen un reto para los escaladores m\u00e1s avezados.<\/p>\n<p>Es una ruta de gran belleza, que te sumerge en un paisaje alpino \u00fanico, con unas vistas espectaculares de los picos circundantes. <strong>Es importante tener en cuenta que, debido a su altitud, esta v\u00eda s\u00f3lo es accesible durante los meses de verano.<\/strong><\/p>\n<p><strong>Caracter\u00edsticas principales:<\/strong><\/p>\n<ul>\n<li><strong>Dificultad:<\/strong> K3 (media)<\/li>\n<li><strong>Duraci\u00f3n:<\/strong> 2 a 3 horas<\/li>\n<li><strong>Altura:<\/strong> 200 metros de desnivel<\/li>\n<li><strong>Ubicaci\u00f3n:<\/strong> Pas de la Casa, Andorra<\/li>\n<li><strong>Puntos destacados:<\/strong> paisaje alpino espectacular, tramos a\u00e9reos, exposici\u00f3n al viento y la altura, vistas panor\u00e1micas de los picos circundantes.<\/li>\n<\/ul>\n<p><strong>Por qu\u00e9 elegirla:<\/strong><br \/>Es ideal para quienes buscan combinar aventura y belleza natural, disfrutando de la monta\u00f1a en su m\u00e1xima expresi\u00f3n. Debido a la altitud, se recomienda realizarla s\u00f3lo en verano, lo que la convierte en un<strong> reto exclusivo y memorable<\/strong>.<\/p>\n\t<div id=\"gap-2120744991\" class=\"gap-element clearfix\" style=\"display:block; height:auto;\">\n\t\t\n<style>\n#gap-2120744991 {\n  padding-top: 30px;\n}\n<\/style>\n\t<\/div>\n\t\n<h4>3. Via Ferrata Ordino Clots de l\u2019Aspra<\/h4>\n<p>La <strong>via ferrata Clots de l\u2019Aspra<\/strong>, situada en Ordino, es una ruta pensada para quienes buscan un desaf\u00edo mayor en Andorra. Esta v\u00eda combina tramos verticales exigentes con puentes colgantes y zonas a\u00e9reas que requieren buena resistencia f\u00edsica y t\u00e9cnica de escalada. Rodeada de un paisaje de monta\u00f1a impresionante, <strong>permite disfrutar de vistas panor\u00e1micas de los valles y bosques de Ordino<\/strong> mientras se vive la emoci\u00f3n de una aventura vertical. Es ideal para quienes ya han probado ferratas m\u00e1s sencillas y desean experimentar rutas m\u00e1s t\u00e9cnicas y exigentes.<\/p>\n<p><strong>Caracter\u00edsticas principales:<\/strong><\/p>\n<ul>\n<li><strong>Dificultad:<\/strong> K4 (media-alta)<\/li>\n<li><strong>Duraci\u00f3n:<\/strong> 2-3 horas<\/li>\n<li><strong>Puntos destacados:<\/strong> zonas m\u00e1s verticales, puentes y pasos que requieren resistencia f\u00edsica.<\/li>\n<\/ul>\n<p><strong>Por qu\u00e9 elegirla:<\/strong><br \/>Si ya tienes experiencia en ferratas, <strong>esta ruta es perfecta para poner a prueba tus habilidades y vivir una aventura intensa en un entorno natural \u00fanico<\/strong>. La combinaci\u00f3n de t\u00e9cnica, verticalidad y paisajes convierte esta v\u00eda en una de las m\u00e1s completas de Andorra.<\/p>\n\t<div id=\"gap-1079400445\" class=\"gap-element clearfix\" style=\"display:block; height:auto;\">\n\t\t\n<style>\n#gap-1079400445 {\n  padding-top: 30px;\n}\n<\/style>\n\t<\/div>\n\t\n\t<div class=\"img has-hover x md-x lg-x y md-y lg-y\" id=\"image_220876247\">\n\t\t\t\t\t\t\t\t<div class=\"img-inner dark\" >\n\t\t\t<img decoding=\"async\" width=\"1020\" height=\"533\" src=\"https:\/\/rocblanc.com\/wp-content\/uploads\/2025\/09\/Equipamiento-Via-Ferrata.webp\" class=\"attachment-large size-large\" alt=\"Persona con el equipamiento adecuado prepar\u00e1ndose para practicar la v\u00eda ferrata en Andorra.\" srcset=\"https:\/\/rocblanc.com\/wp-content\/uploads\/2025\/09\/Equipamiento-Via-Ferrata.webp 1024w, https:\/\/rocblanc.com\/wp-content\/uploads\/2025\/09\/Equipamiento-Via-Ferrata-300x157.webp 300w, https:\/\/rocblanc.com\/wp-content\/uploads\/2025\/09\/Equipamiento-Via-Ferrata-768x401.webp 768w\" sizes=\"(max-width: 1020px) 100vw, 1020px\" \/>\t\t\t\t\t\t\n\t\t\t\t\t<\/div>\n\t\t\t\t\t\t\t\t\n<style>\n#image_220876247 {\n  width: 100%;\n}\n<\/style>\n\t<\/div>\n\t\n\t<div id=\"gap-1921038694\" class=\"gap-element clearfix\" style=\"display:block; height:auto;\">\n\t\t\n<style>\n#gap-1921038694 {\n  padding-top: 30px;\n}\n<\/style>\n\t<\/div>\n\t\n<h2>Consejos esenciales para una experiencia segura de V\u00eda Ferrata en Andorra<\/h2>\n<p>La pr\u00e1ctica de las v\u00edas ferratas, aunque segura si se realiza correctamente, requiere de un equipamiento adecuado y el conocimiento de las t\u00e9cnicas b\u00e1sicas. Aqu\u00ed te dejamos algunos puntos clave a considerar:<\/p>\n<ol>\n<li><strong>Equipo homologado y en buen estado:<\/strong> Es indispensable usar un set de v\u00eda ferrata que incluya un arn\u00e9s, un casco y un disipador de energ\u00eda. El disipador es un elemento de seguridad crucial que absorbe la fuerza del impacto en caso de una ca\u00edda. Aseg\u00farate de que tu equipo est\u00e9 homologado y en perfectas condiciones. El alquiler de material es una opci\u00f3n muy popular en las tiendas de deportes de monta\u00f1a en Andorra.<\/li>\n<li><strong>Gu\u00eda profesional:<\/strong> Si es tu primera vez o si planeas abordar una ruta de alta dificultad, contratar a un gu\u00eda de monta\u00f1a profesional es la mejor decisi\u00f3n. Un gu\u00eda no solo te ense\u00f1ar\u00e1 a usar el equipo y las t\u00e9cnicas de seguridad, sino que tambi\u00e9n te guiar\u00e1 por la mejor ruta, interpretar\u00e1 el terreno y te asistir\u00e1 en caso de cualquier imprevisto. Adem\u00e1s, te proporcionar\u00e1n informaci\u00f3n valiosa sobre el entorno y la historia local.<\/li>\n<li><strong>Planificaci\u00f3n y meteorolog\u00eda:<\/strong> Antes de iniciar cualquier ruta, consulta la previsi\u00f3n del tiempo. Una tormenta, especialmente las el\u00e9ctricas, puede ser extremadamente peligrosa en la monta\u00f1a. Adem\u00e1s, lleva suficiente agua, comida, protector solar y ropa de abrigo, ya que la temperatura puede cambiar dr\u00e1sticamente.<\/li>\n<li><strong>No subestimes la dificultad:<\/strong> La clasificaci\u00f3n K (de 1 a 5) es una gu\u00eda, pero la dificultad real tambi\u00e9n depende de tu condici\u00f3n f\u00edsica, tu experiencia y tu estado mental. Si tienes dudas, elige siempre una v\u00eda de menor dificultad. Es mejor disfrutar de una ruta f\u00e1cil que sufrir en una demasiado exigente.<\/li>\n<li><strong>Condici\u00f3n f\u00edsica:<\/strong> Aunque las v\u00edas ferratas est\u00e1n dise\u00f1adas para no ser tan exigentes como la escalada pura, requieren de fuerza en brazos y piernas, resistencia y equilibrio. Un entrenamiento previo con ejercicios de escalada, senderismo o incluso yoga puede ser de gran ayuda.<\/li>\n<li><strong>Gesti\u00f3n del miedo:<\/strong> El miedo a las alturas es un factor natural. Sin embargo, en una v\u00eda ferrata, la clave est\u00e1 en gestionarlo. Conf\u00eda en tu equipo y en tu gu\u00eda. Conc\u00e9ntrate en el siguiente paso y no mires constantemente hacia abajo. Con cada grapa que superes, tu confianza crecer\u00e1.<\/li>\n<li><strong>Mentalidad de progresi\u00f3n:<\/strong> No se trata de una carrera. T\u00f3mate tu tiempo, descansa cuando lo necesites y disfruta del paisaje. La belleza de las v\u00edas ferratas reside tanto en el desaf\u00edo como en la oportunidad de conectar con la naturaleza de una manera \u00fanica.<\/li>\n<li><strong>Respeto por el entorno:<\/strong> La naturaleza andorrana es un tesoro. No dejes basura, no hagas ruido innecesario y sigue los senderos marcados. Contribuye a preservar el paisaje para que otros puedan disfrutarlo en el futuro.<\/li>\n<\/ol>\n\t<div id=\"gap-1504154735\" class=\"gap-element clearfix\" style=\"display:block; height:auto;\">\n\t\t\n<style>\n#gap-1504154735 {\n  padding-top: 30px;\n}\n<\/style>\n\t<\/div>\n\t\n<h3>La mejor \u00e9poca para tu aventura<\/h3>\n<p>La <strong>primavera<\/strong>, el <strong>verano<\/strong> y el <strong>principio del oto\u00f1o<\/strong> son, sin duda, las estaciones ideales para disfrutar de las v\u00edas ferratas en Andorra. <strong>Durante estos meses, el clima es m\u00e1s estable, las temperaturas son agradables y las rutas est\u00e1n libres de nieve y hielo<\/strong>, lo que garantiza una experiencia m\u00e1s segura y placentera para todos los niveles.<\/p>\n<p>En invierno, aunque algunas v\u00edas de baja altitud son accesibles, la mayor\u00eda quedan cubiertas, lo que las convierte en un reto que solo los escaladores m\u00e1s experimentados, equipados con material de alta monta\u00f1a, deber\u00edan considerar.<\/p>\n\t<div id=\"gap-919173067\" class=\"gap-element clearfix\" style=\"display:block; height:auto;\">\n\t\t\n<style>\n#gap-919173067 {\n  padding-top: 30px;\n}\n<\/style>\n\t<\/div>\n\t\n<h2>Experiencias complementarias tras una v\u00eda ferrata<\/h2>\n<p>Despu\u00e9s de un d\u00eda lleno de adrenalina y esfuerzo f\u00edsico, mereces un descanso de calidad. Complementa tu experiencia en las alturas con actividades que te ayuden a relajarte y recuperar fuerzas:<\/p>\n<ul>\n<li><strong>Relajaci\u00f3n en el Hotel Roc Blanc:<\/strong> Nada como sumergirse en las aguas termales de nuestro <a href=\"https:\/\/rocblanc.com\/es\/spa\/\">spa<\/a> para aliviar los m\u00fasculos cansados y revitalizarse. <strong>Disfruta de <a href=\"https:\/\/rocblanc.com\/es\/spa\/tratamientos\/\">tratamientos<\/a> termales y masajes<\/strong> dise\u00f1ados para tu bienestar.<\/li>\n<li><strong>Gastronom\u00eda local:<\/strong> Deleita tu paladar con los sabores aut\u00e9nticos de Andorra. Prueba un plato de escudella andorrana para calentar el cuerpo, unas carnes a la brasa en el restaurante <strong><a href=\"https:\/\/rocblanc.com\/gastronomy\/restaurant-entrecote-andorra\/\">L\u2019Entrecote<\/a> <\/strong>o descubre los exquisitos vinos de altura de la regi\u00f3n.<\/li>\n<li><strong><a href=\"https:\/\/rocblanc.com\/es\/experiencias\/compras-en-andorra-la-vella\/\">Compras en Andorra la Vella<\/a>:<\/strong> Si a\u00fan te queda energ\u00eda, completa tu escapada con una tarde de shopping. <strong>Pasea por las calles de Andorra la Vella<\/strong> y descubre una gran variedad de boutiques y centros comerciales.<\/li>\n<\/ul>\n\t<div id=\"gap-1122713001\" class=\"gap-element clearfix\" style=\"display:block; height:auto;\">\n\t\t\n<style>\n#gap-1122713001 {\n  padding-top: 30px;\n}\n<\/style>\n\t<\/div>\n\t\n<h2>Tu base de aventura de V\u00eda Ferrata en Andorra empieza en el Hotel Roc Blanc<\/h2>\n<p>Despu\u00e9s de una jornada intensa en la monta\u00f1a, el cuerpo y la mente piden un descanso de calidad. <strong>El <a href=\"https:\/\/rocblanc.com\/es\/\">Hotel Spa Roc Blan<\/a>c, ubicado en el centro de Escaldes-Engordany, es el campamento base ideal para tu aventura<\/strong>. \u00bfQu\u00e9 mejor manera de recuperarse de la adrenalina de una v\u00eda ferrata que con una sesi\u00f3n de relajaci\u00f3n profunda? Nuestro famoso spa de aguas termales, conocido por sus propiedades curativas y relajantes, te ayudar\u00e1 a aliviar los m\u00fasculos cansados y a recuperar la energ\u00eda para tu pr\u00f3xima aventura.<\/p>\n<p>Adem\u00e1s, <strong>nuestra <a href=\"https:\/\/rocblanc.com\/es\/UBICACION\/\">ubicaci\u00f3n<\/a> estrat\u00e9gica te permite acceder f\u00e1cilmente a muchas de las v\u00edas ferratas mencionadas<\/strong>, como la de Roc de Senders o la de Sant Vicen\u00e7 d&#8217;Enclar, y a todas las actividades y servicios que ofrece la capital andorrana. En el Hotel Roc Blanc, <strong>no solo te ofrecemos un <a href=\"https:\/\/rocblanc.com\/es\/alojamiento\/\">alojamiento<\/a>; te brindamos una experiencia completa de bienestar y confort<\/strong> que complementa a la perfecci\u00f3n tu esp\u00edritu aventurero.<\/p>\n<p>Ya sea que seas un explorador experimentado o un principiante con ganas de sentir la emoci\u00f3n de las alturas, las v\u00edas ferratas de Andorra te ofrecen un mundo de posibilidades. <strong>Prep\u00e1rate, planifica tu ruta y l\u00e1nzate a la aventura.<\/strong><\/p>\n\t<div id=\"gap-957411620\" class=\"gap-element clearfix\" style=\"display:block; height:auto;\">\n\t\t\n<style>\n#gap-957411620 {\n  padding-top: 30px;\n}\n<\/style>\n\t<\/div>\n\t\n\n\t<section class=\"section\" id=\"section_919197195\">\n\t\t<div class=\"section-bg fill\" >\n\t\t\t\t\t\t\t\t\t\n\t\t\t\n\n\t\t<\/div>\n\n\t\t\n\n\t\t<div class=\"section-content relative\">\n\t\t\t\n\n<div class=\"row align-equal\"  id=\"row-988862988\">\n\n\n\t<div id=\"col-1819438271\" class=\"col small-12 large-12\"  >\n\t\t\t\t<div class=\"col-inner\"  >\n\t\t\t\n\t\t\t\n\n\t<div id=\"gap-279368869\" class=\"gap-element clearfix\" style=\"display:block; height:auto;\">\n\t\t\n<style>\n#gap-279368869 {\n  padding-top: 30px;\n}\n<\/style>\n\t<\/div>\n\t\n\n<div class=\"slider-wrapper relative\" id=\"slider-1108304983\" >\n    <div class=\"slider slider-nav-circle slider-nav-large slider-nav-light slider-style-normal slider-show-nav\"\n        data-flickity-options='{\n            \"cellAlign\": \"left\",\n            \"imagesLoaded\": true,\n            \"lazyLoad\": 1,\n            \"freeScroll\": true,\n            \"wrapAround\": true,\n            \"autoPlay\": false,\n            \"pauseAutoPlayOnHover\" : false,\n            \"prevNextButtons\": true,\n            \"contain\" : true,\n            \"adaptiveHeight\" : true,\n            \"dragThreshold\" : 10,\n            \"percentPosition\": true,\n            \"pageDots\": false,\n            \"rightToLeft\": false,\n            \"draggable\": true,\n            \"selectedAttraction\": 0.1,\n            \"parallax\" : 0,\n            \"friction\": 0.6        }'\n        >\n        \n\n\n\n  <div class=\"banner has-hover bg-overlay-remove\" id=\"banner-175486125\">\n          <div class=\"banner-inner fill\">\n        <div class=\"banner-bg fill\" >\n            <img decoding=\"async\" width=\"1020\" height=\"574\" src=\"https:\/\/rocblanc.com\/wp-content\/uploads\/2023\/03\/deluxe-balcon-Roc-Blanc-Hotel-Spa-Andorra-1024x576.webp\" class=\"bg attachment-large size-large\" alt=\"\" \/>                        <div class=\"overlay\"><\/div>            \n\t<div class=\"is-border\"\n\t\tstyle=\"border-width:0px 10px 0px 10px;\">\n\t<\/div>\n                    <\/div>\n\t\t\n        <div class=\"banner-layers container\">\n            <a class=\"fill\" href=\"https:\/\/rocblanc.com\/es\/ofertas\/fin-de-semana-andorra\/\"><div class=\"fill banner-link\"><\/div><\/a>            \n\n   <div id=\"text-box-1986209954\" class=\"text-box banner-layer x10 md-x10 lg-x10 y95 md-y95 lg-y95 res-text\">\n                                <div class=\"text-box-content text dark\">\n              \n              <div class=\"text-inner text-left\">\n                  \n\n\t<div id=\"text-2167746262\" class=\"text\">\n\t\t\n\n<h2><a href=\"https:\/\/rocblanc.com\/es\/ofertas\/fin-de-semana-andorra\/\"><span style=\"font-weight: 400;\">Fin de Semana Andorra<\/span><\/a><\/h2>\n\t\t\n<style>\n#text-2167746262 {\n  text-align: left;\n}\n<\/style>\n\t<\/div>\n\t\n<div class=\"is-divider divider clearfix\" style=\"margin-top:0px;margin-bottom:0px;max-width:39px;height:2px;\"><\/div>\n\n\t<div id=\"text-2823133750\" class=\"text\">\n\t\t\n\n<p><span style=\"font-weight: 400;\">Escapa a las monta\u00f1as.<\/span><\/p>\r\n<p><i class=\"fa-light fa-tags\"><\/i>\u00a0Desde 115\u20ac p.p<\/p>\n\t\t\n<style>\n#text-2823133750 {\n  font-size: 0.9rem;\n  text-align: left;\n}\n<\/style>\n\t<\/div>\n\t\n<a href=\"https:\/\/rocblanc.com\/es\/ofertas\/fin-de-semana-andorra\/\" class=\"button secondary is-underline is-large\">\n\t\t<span>Descubrir<\/span>\n\t<\/a>\n\n\n\n              <\/div>\n           <\/div>\n                            \n<style>\n#text-box-1986209954 {\n  width: 84%;\n}\n#text-box-1986209954 .text-box-content {\n  font-size: 100%;\n}\n<\/style>\n    <\/div>\n \n\n        <\/div>\n      <\/div>\n\n            \n<style>\n#banner-175486125 {\n  padding-top: 500px;\n}\n#banner-175486125 .overlay {\n  background-color: rgba(0,0,0,.5);\n}\n#banner-175486125 .banner-bg img {\n  object-position: 53% 44%;\n}\n<\/style>\n  <\/div>\n\n\n\n  <div class=\"banner has-hover bg-overlay-remove\" id=\"banner-221237867\">\n          <div class=\"banner-inner fill\">\n        <div class=\"banner-bg fill\" >\n            <img decoding=\"async\" width=\"780\" height=\"801\" src=\"https:\/\/rocblanc.com\/wp-content\/uploads\/2023\/09\/Romantic-Escape-Hotel-Roc-Blanc-Andorra.webp\" class=\"bg attachment-large size-large\" alt=\"\" \/>                        <div class=\"overlay\"><\/div>            \n\t<div class=\"is-border\"\n\t\tstyle=\"border-color:rgb(253, 249, 249);border-width:0px 10px 0px 10px;\">\n\t<\/div>\n                    <\/div>\n\t\t\n        <div class=\"banner-layers container\">\n            <a class=\"fill\" href=\"https:\/\/rocblanc.com\/es\/ofertas\/escapada-romantica-andorra\/\"><div class=\"fill banner-link\"><\/div><\/a>            \n\n   <div id=\"text-box-1863889472\" class=\"text-box banner-layer x10 md-x10 lg-x10 y95 md-y95 lg-y95 res-text\">\n                                <div class=\"text-box-content text dark\">\n              \n              <div class=\"text-inner text-left\">\n                  \n\n\t<div id=\"text-971713648\" class=\"text\">\n\t\t\n\n<h2><a href=\"https:\/\/rocblanc.com\/es\/ofertas\/escapada-romantica-andorra\/\">Escapada Rom\u00e1ntica<\/a><\/h2>\n\t\t\n<style>\n#text-971713648 {\n  text-align: left;\n}\n<\/style>\n\t<\/div>\n\t\n<div class=\"is-divider divider clearfix\" style=\"margin-top:0px;margin-bottom:0px;max-width:39px;height:2px;\"><\/div>\n\n\t<div id=\"text-1487337360\" class=\"text\">\n\t\t\n\n<p><span style=\"font-weight: 400;\">Spa y Shopping en pareja.<\/span><\/p>\r\n<p><i class=\"fa-light fa-tags\"><\/i> Desde\u00a0175\u20ac p.p<\/p>\n\t\t\n<style>\n#text-1487337360 {\n  font-size: 0.9rem;\n  text-align: left;\n}\n<\/style>\n\t<\/div>\n\t\n<a href=\"https:\/\/rocblanc.com\/es\/ofertas\/escapada-romantica-andorra\/\" class=\"button primary is-underline is-large\">\n\t\t<span>Descubrir<\/span>\n\t<\/a>\n\n\n\n              <\/div>\n           <\/div>\n                            \n<style>\n#text-box-1863889472 {\n  width: 84%;\n}\n#text-box-1863889472 .text-box-content {\n  font-size: 100%;\n}\n<\/style>\n    <\/div>\n \n\n        <\/div>\n      <\/div>\n\n            \n<style>\n#banner-221237867 {\n  padding-top: 500px;\n}\n#banner-221237867 .overlay {\n  background-color: rgba(0,0,0,.5);\n}\n#banner-221237867 .banner-bg img {\n  object-position: 53% 44%;\n}\n<\/style>\n  <\/div>\n\n\n\n  <div class=\"banner has-hover bg-overlay-remove\" id=\"banner-1705569114\">\n          <div class=\"banner-inner fill\">\n        <div class=\"banner-bg fill\" >\n            <img decoding=\"async\" width=\"1020\" height=\"574\" src=\"https:\/\/rocblanc.com\/wp-content\/uploads\/2023\/10\/spa-hotel-roc-blanc-andorra-la-vella-1024x576.webp\" class=\"bg attachment-large size-large\" alt=\"\" \/>                        <div class=\"overlay\"><\/div>            \n\t<div class=\"is-border\"\n\t\tstyle=\"border-color:rgb(255, 255, 255);border-width:0px 10px 0px 10px;\">\n\t<\/div>\n                    <\/div>\n\t\t\n        <div class=\"banner-layers container\">\n            <a class=\"fill\" href=\"\/es\/ofertas\/hotel-con-spa-andorra\/\"><div class=\"fill banner-link\"><\/div><\/a>            \n\n   <div id=\"text-box-408991686\" class=\"text-box banner-layer x10 md-x10 lg-x10 y95 md-y95 lg-y95 res-text\">\n                                <div class=\"text-box-content text dark\">\n              \n              <div class=\"text-inner text-left\">\n                  \n\n\t<div id=\"text-1271721393\" class=\"text\">\n\t\t\n\n<h2><a href=\"https:\/\/rocblanc.com\/es\/ofertas\/hotel-con-spa-andorra\/\">Hotel con Spa<\/a><\/h2>\n\t\t\n<style>\n#text-1271721393 {\n  text-align: left;\n}\n<\/style>\n\t<\/div>\n\t\n<div class=\"is-divider divider clearfix\" style=\"margin-top:0px;margin-bottom:0px;max-width:39px;height:2px;\"><\/div>\n\n\t<div id=\"text-1780071333\" class=\"text\">\n\t\t\n\n<p>Hotel con Spa<br \/>Escapa de bienestar para dos<\/p>\r\n<p><i class=\"fa-light fa-tags\"><\/i> Desde 180\u20ac por habitaci\u00f3n doble superior<\/p>\n\t\t\n<style>\n#text-1780071333 {\n  font-size: 0.9rem;\n  text-align: left;\n}\n<\/style>\n\t<\/div>\n\t\n<a href=\"\/es\/ofertas\/hotel-con-spa-andorra\/\" class=\"button primary is-underline is-large\" >\n\t\t<span>Descubrir<\/span>\n\t<\/a>\n\n\n\n              <\/div>\n           <\/div>\n                            \n<style>\n#text-box-408991686 {\n  width: 84%;\n}\n#text-box-408991686 .text-box-content {\n  font-size: 100%;\n}\n<\/style>\n    <\/div>\n \n\n        <\/div>\n      <\/div>\n\n            \n<style>\n#banner-1705569114 {\n  padding-top: 500px;\n}\n#banner-1705569114 .overlay {\n  background-color: rgba(0,0,0,.5);\n}\n#banner-1705569114 .banner-bg img {\n  object-position: 64% 66%;\n}\n<\/style>\n  <\/div>\n\n\n\n  <div class=\"banner has-hover bg-overlay-remove\" id=\"banner-2020425832\">\n          <div class=\"banner-inner fill\">\n        <div class=\"banner-bg fill\" >\n            <img decoding=\"async\" width=\"840\" height=\"680\" src=\"https:\/\/rocblanc.com\/wp-content\/uploads\/2023\/06\/Rooms-Roc-Blanc-Hotel-and-Spa-Andorra.webp\" class=\"bg attachment-large size-large\" alt=\"\" \/>                        <div class=\"overlay\"><\/div>            \n\t<div class=\"is-border\"\n\t\tstyle=\"border-color:rgb(255, 255, 255);border-width:0px 10px 0px 10px;\">\n\t<\/div>\n                    <\/div>\n\t\t\n        <div class=\"banner-layers container\">\n            <a class=\"fill\" href=\"https:\/\/rocblanc.com\/es\/ofertas\/ultima-hora-andorra\/\"><div class=\"fill banner-link\"><\/div><\/a>            \n\n   <div id=\"text-box-188024898\" class=\"text-box banner-layer x10 md-x10 lg-x10 y95 md-y95 lg-y95 res-text\">\n                                <div class=\"text-box-content text dark\">\n              \n              <div class=\"text-inner text-left\">\n                  \n\n\t<div id=\"text-1321123544\" class=\"text\">\n\t\t\n\n<h2><a href=\"https:\/\/rocblanc.com\/es\/ofertas\/ultima-hora-andorra\/\">Ultima Hora<\/a><\/h2>\n\t\t\n<style>\n#text-1321123544 {\n  text-align: left;\n}\n<\/style>\n\t<\/div>\n\t\n<div class=\"is-divider divider clearfix\" style=\"margin-top:0px;margin-bottom:0px;max-width:39px;height:2px;\"><\/div>\n\n\t<div id=\"text-1848320794\" class=\"text\">\n\t\t\n\n<p><span style=\"font-weight: 400;\">Ofertas de \u00faltima hora.<\/span><\/p>\r\n<p><i class=\"fa-light fa-tags\"><\/i> - 10%<\/p>\n\t\t\n<style>\n#text-1848320794 {\n  font-size: 0.9rem;\n  text-align: left;\n}\n<\/style>\n\t<\/div>\n\t\n<a href=\"https:\/\/rocblanc.com\/es\/ofertas\/ultima-hora-andorra\/\" class=\"button primary is-underline is-large\">\n\t\t<span>Descubrir<\/span>\n\t<\/a>\n\n\n\n              <\/div>\n           <\/div>\n                            \n<style>\n#text-box-188024898 {\n  width: 84%;\n}\n#text-box-188024898 .text-box-content {\n  font-size: 100%;\n}\n<\/style>\n    <\/div>\n \n\n        <\/div>\n      <\/div>\n\n            \n<style>\n#banner-2020425832 {\n  padding-top: 500px;\n}\n#banner-2020425832 .overlay {\n  background-color: rgba(0,0,0,.5);\n}\n#banner-2020425832 .banner-bg img {\n  object-position: 53% 44%;\n}\n<\/style>\n  <\/div>\n\n\n\n  <div class=\"banner has-hover bg-overlay-remove\" id=\"banner-1547284177\">\n          <div class=\"banner-inner fill\">\n        <div class=\"banner-bg fill\" >\n            <img decoding=\"async\" width=\"768\" height=\"1024\" src=\"https:\/\/rocblanc.com\/wp-content\/uploads\/2022\/11\/meat-dish-hotel-roc-blanc-768x1024.webp\" class=\"bg attachment-large size-large\" alt=\"plato de carne - l&#039;entrecote -hotel roc blanc\" \/>                        <div class=\"overlay\"><\/div>            \n\t<div class=\"is-border\"\n\t\tstyle=\"border-color:rgb(253, 249, 249);border-width:0px 10px 0px 10px;\">\n\t<\/div>\n                    <\/div>\n\t\t\n        <div class=\"banner-layers container\">\n            <a class=\"fill\" href=\"\/es\/ofertas\/hotel-andorra-media-pension\/\"><div class=\"fill banner-link\"><\/div><\/a>            \n\n   <div id=\"text-box-1202658223\" class=\"text-box banner-layer x10 md-x10 lg-x10 y95 md-y95 lg-y95 res-text\">\n                                <div class=\"text-box-content text dark\">\n              \n              <div class=\"text-inner text-left\">\n                  \n\n\t<div id=\"text-3300492889\" class=\"text\">\n\t\t\n\n<h2><a href=\"\/es\/ofertas\/hotel-andorra-media-pension\/\">HOTEL ANDORRA MEDIA PENSI\u00d3N<\/a><\/h2>\n\t\t\n<style>\n#text-3300492889 {\n  text-align: left;\n}\n<\/style>\n\t<\/div>\n\t\n<div class=\"is-divider divider clearfix\" style=\"margin-top:0px;margin-bottom:0px;max-width:39px;height:2px;\"><\/div>\n\n\t<div id=\"text-323493407\" class=\"text\">\n\t\t\n\n<p><span style=\"font-weight: 400;\">Confort y exquisitez en cada cena.<\/span><\/p>\r\n<p><p><i class=\"fa-light fa-tags\"><\/i> Desde 150\u20ac por habitaci\u00f3n<\/p>\n\t\t\n<style>\n#text-323493407 {\n  font-size: 0.9rem;\n  text-align: left;\n}\n<\/style>\n\t<\/div>\n\t\n<a href=\"\/es\/ofertas\/hotel-andorra-media-pension\/\" class=\"button primary is-underline is-large\" >\n\t\t<span>Descubrir<\/span>\n\t<\/a>\n\n\n\n              <\/div>\n           <\/div>\n                            \n<style>\n#text-box-1202658223 {\n  width: 84%;\n}\n#text-box-1202658223 .text-box-content {\n  font-size: 100%;\n}\n<\/style>\n    <\/div>\n \n\n        <\/div>\n      <\/div>\n\n            \n<style>\n#banner-1547284177 {\n  padding-top: 500px;\n}\n#banner-1547284177 .overlay {\n  background-color: rgba(0,0,0,.5);\n}\n#banner-1547284177 .banner-bg img {\n  object-position: 79% 100%;\n}\n<\/style>\n  <\/div>\n\n\n\n  <div class=\"banner has-hover bg-overlay-remove\" id=\"banner-1267008698\">\n          <div class=\"banner-inner fill\">\n        <div class=\"banner-bg fill\" >\n            <img decoding=\"async\" width=\"1020\" height=\"574\" src=\"https:\/\/rocblanc.com\/wp-content\/uploads\/2023\/06\/hotel-rooms-Roc-Blanc-Hotel-and-Spa-Andorra-1024x576.webp\" class=\"bg attachment-large size-large\" alt=\"\" \/>                        <div class=\"overlay\"><\/div>            \n\t<div class=\"is-border\"\n\t\tstyle=\"border-color:rgb(253, 249, 249);border-width:0px 10px 0px 10px;\">\n\t<\/div>\n                    <\/div>\n\t\t\n        <div class=\"banner-layers container\">\n            <a class=\"fill\" href=\"\/es\/ofertas\/chollo-andorra-la-vella\/\"><div class=\"fill banner-link\"><\/div><\/a>            \n\n   <div id=\"text-box-373869059\" class=\"text-box banner-layer x10 md-x10 lg-x10 y95 md-y95 lg-y95 res-text\">\n                                <div class=\"text-box-content text dark\">\n              \n              <div class=\"text-inner text-left\">\n                  \n\n\t<div id=\"text-271683093\" class=\"text\">\n\t\t\n\n<h2><a href=\"https:\/\/rocblanc.com\/es\/ofertas\/chollo-andorra-la-vella\/\">CHOLLO<br \/>\r\nANDORRA LA VELLA<\/a><\/h2>\n\t\t\n<style>\n#text-271683093 {\n  text-align: left;\n}\n<\/style>\n\t<\/div>\n\t\n<div class=\"is-divider divider clearfix\" style=\"margin-top:0px;margin-bottom:0px;max-width:39px;height:2px;\"><\/div>\n\n\t<div id=\"text-3094607702\" class=\"text\">\n\t\t\n\n<p><span style=\"font-weight: 400;\">Exclusivo para reservas directas.<\/span><\/p>\r\n<p><i class=\"fa-light fa-tags\"><\/i> -10%<\/p>\n\t\t\n<style>\n#text-3094607702 {\n  font-size: 0.9rem;\n  text-align: left;\n}\n<\/style>\n\t<\/div>\n\t\n<a href=\"\/es\/ofertas\/chollo-andorra-la-vella\/\" class=\"button primary is-underline is-large\" >\n\t\t<span>Descubrir<\/span>\n\t<\/a>\n\n\n\n              <\/div>\n           <\/div>\n                            \n<style>\n#text-box-373869059 {\n  width: 84%;\n}\n#text-box-373869059 .text-box-content {\n  font-size: 100%;\n}\n<\/style>\n    <\/div>\n \n\n        <\/div>\n      <\/div>\n\n            \n<style>\n#banner-1267008698 {\n  padding-top: 500px;\n}\n#banner-1267008698 .overlay {\n  background-color: rgba(0,0,0,.5);\n}\n#banner-1267008698 .banner-bg img {\n  object-position: 28% 46%;\n}\n<\/style>\n  <\/div>\n\n\n\n\n     <\/div>\n\n     <div class=\"loading-spin dark large centered\"><\/div>\n\n\t\n<style>\n#slider-1108304983 .flickity-slider > * {\n  max-width: 350px!important;\n}\n<\/style>\n<\/div>\n\n\n\n\t\t<\/div>\n\t\t\t\t\t<\/div>\n\n\t\n\n<\/div>\n\n\t\t<\/div>\n\n\t\t\n<style>\n#section_919197195 {\n  padding-top: 0px;\n  padding-bottom: 0px;\n}\n<\/style>\n\t<\/section>\n\t\n\t<div id=\"gap-662648931\" class=\"gap-element clearfix\" style=\"display:block; height:auto;\">\n\t\t\n<style>\n#gap-662648931 {\n  padding-top: 30px;\n}\n<\/style>\n\t<\/div>\n\t\n<h2>Preguntas frecuentes sobre las v\u00edas ferratas de Andorra<\/h2>\n<div class=\"accordion\">\n\t<div id=\"accordion-3421715860\" class=\"accordion-item\">\n\t\t<a id=\"accordion-3421715860-label\" class=\"accordion-title plain\" href=\"#accordion-item-\u00bfqu\u00e9-equipo-necesito-para-hacer-una-v\u00eda-ferrata-en-andorra?\" aria-expanded=\"false\" aria-controls=\"accordion-3421715860-content\">\n\t\t\t<button class=\"toggle\" aria-label=\"Toggle\"><i class=\"icon-angle-down\" aria-hidden=\"true\"><\/i><\/button>\n\t\t\t<span>\u00bfQu\u00e9 equipo necesito para hacer una v\u00eda ferrata en Andorra?<\/span>\n\t\t<\/a>\n\t\t<div id=\"accordion-3421715860-content\" class=\"accordion-inner\" aria-labelledby=\"accordion-3421715860-label\">\n\t\t\t\n<p>Para tu seguridad, <strong>es indispensable un equipo homologado<\/strong>: un <strong>casco<\/strong>, un <strong>arn\u00e9s<\/strong> y un <strong>kit de v\u00eda ferrata<\/strong> con disipador de energ\u00eda. Si no tienes tu propio equipo, puedes alquilarlo en las tiendas de material de monta\u00f1a en Andorra.<\/p>\n\t\t<\/div>\n\t<\/div>\n\t\n\t<div id=\"accordion-3105533760\" class=\"accordion-item\">\n\t\t<a id=\"accordion-3105533760-label\" class=\"accordion-title plain\" href=\"#accordion-item-\u00bfes-necesario-contratar-un-gu\u00eda-para-una-v\u00eda-ferrata-en-andorra?\" aria-expanded=\"false\" aria-controls=\"accordion-3105533760-content\">\n\t\t\t<button class=\"toggle\" aria-label=\"Toggle\"><i class=\"icon-angle-down\" aria-hidden=\"true\"><\/i><\/button>\n\t\t\t<span>\u00bfEs necesario contratar un gu\u00eda para una v\u00eda ferrata en Andorra?<\/span>\n\t\t<\/a>\n\t\t<div id=\"accordion-3105533760-content\" class=\"accordion-inner\" aria-labelledby=\"accordion-3105533760-label\">\n\t\t\t\n<p>Si eres principiante o si vas a hacer una v\u00eda de alta dificultad, <strong>es muy recomendable contratar un gu\u00eda profesional<\/strong>. Un gu\u00eda conoce el terreno, las rutas y te ense\u00f1ar\u00e1 las t\u00e9cnicas de progresi\u00f3n y seguridad, haciendo tu experiencia mucho m\u00e1s segura y agradable.<\/p>\n\t\t<\/div>\n\t<\/div>\n\t\n\t<div id=\"accordion-2346601442\" class=\"accordion-item\">\n\t\t<a id=\"accordion-2346601442-label\" class=\"accordion-title plain\" href=\"#accordion-item-\u00bfcu\u00e1l-es-la-mejor-\u00e9poca-del-a\u00f1o-para-hacer-v\u00edas-ferratas?\" aria-expanded=\"false\" aria-controls=\"accordion-2346601442-content\">\n\t\t\t<button class=\"toggle\" aria-label=\"Toggle\"><i class=\"icon-angle-down\" aria-hidden=\"true\"><\/i><\/button>\n\t\t\t<span>\u00bfCu\u00e1l es la mejor \u00e9poca del a\u00f1o para hacer v\u00edas ferratas?<\/span>\n\t\t<\/a>\n\t\t<div id=\"accordion-2346601442-content\" class=\"accordion-inner\" aria-labelledby=\"accordion-2346601442-label\">\n\t\t\t\n<p>La mejor \u00e9poca para esta actividad es <strong>desde finales de primavera hasta principios de oto\u00f1o<\/strong>. Durante el invierno, la mayor\u00eda de las v\u00edas est\u00e1n cubiertas de nieve y hielo, lo que las hace muy peligrosas si no se tiene la experiencia y el equipo adecuados.<\/p>\n\t\t<\/div>\n\t<\/div>\n\t\n\t<div id=\"accordion-1378949492\" class=\"accordion-item\">\n\t\t<a id=\"accordion-1378949492-label\" class=\"accordion-title plain\" href=\"#accordion-item-\u00bfhay-v\u00edas-ferratas-en-andorra-para-ni\u00f1os-o-principiantes?\" aria-expanded=\"false\" aria-controls=\"accordion-1378949492-content\">\n\t\t\t<button class=\"toggle\" aria-label=\"Toggle\"><i class=\"icon-angle-down\" aria-hidden=\"true\"><\/i><\/button>\n\t\t\t<span>\u00bfHay v\u00edas ferratas en Andorra para ni\u00f1os o principiantes?<\/span>\n\t\t<\/a>\n\t\t<div id=\"accordion-1378949492-content\" class=\"accordion-inner\" aria-labelledby=\"accordion-1378949492-label\">\n\t\t\t\n<p>S\u00ed, <strong>Andorra cuenta con varias v\u00edas de dificultad baja (K1-K2)<\/strong> ideales para ni\u00f1os y principiantes. La v\u00eda ferrata Segudet es una excelente opci\u00f3n para iniciarse, ya que su recorrido es corto, seguro y muy divertido.<\/p>\n\t\t<\/div>\n\t<\/div>\n\t\n\t<div id=\"accordion-3872293526\" class=\"accordion-item\">\n\t\t<a id=\"accordion-3872293526-label\" class=\"accordion-title plain\" href=\"#accordion-item-\u00bflas-v\u00edas-ferratas-de-andorra-son-gratuitas?\" aria-expanded=\"false\" aria-controls=\"accordion-3872293526-content\">\n\t\t\t<button class=\"toggle\" aria-label=\"Toggle\"><i class=\"icon-angle-down\" aria-hidden=\"true\"><\/i><\/button>\n\t\t\t<span>\u00bfLas v\u00edas ferratas de Andorra son gratuitas?<\/span>\n\t\t<\/a>\n\t\t<div id=\"accordion-3872293526-content\" class=\"accordion-inner\" aria-labelledby=\"accordion-3872293526-label\">\n\t\t\t\n<p>S\u00ed, el acceso a la gran mayor\u00eda de las v\u00edas ferratas de Andorra es <strong>gratuito<\/strong>. Solo necesitar\u00e1s invertir en el alquiler del equipo o en la contrataci\u00f3n de un gu\u00eda si lo consideras necesario.<\/p>\n\t\t<\/div>\n\t<\/div>\n\t\n<\/div>\n","protected":false},"excerpt":{"rendered":"<p>La adrenalina de la monta\u00f1a te llama. Si buscas una forma diferente de explorar los paisajes de Andorra, prep\u00e1rate para descubrir sus v\u00edas ferratas en Andorra.<\/p>\n","protected":false},"author":9,"featured_media":4341,"comment_status":"closed","ping_status":"closed","sticky":false,"template":"","format":"standard","meta":{"footnotes":""},"categories":[40],"tags":[],"class_list":["post-4328","post","type-post","status-publish","format-standard","has-post-thumbnail","hentry","category-experiencias"],"_links":{"self":[{"href":"https:\/\/rocblanc.com\/es\/wp-json\/wp\/v2\/posts\/4328","targetHints":{"allow":["GET"]}}],"collection":[{"href":"https:\/\/rocblanc.com\/es\/wp-json\/wp\/v2\/posts"}],"about":[{"href":"https:\/\/rocblanc.com\/es\/wp-json\/wp\/v2\/types\/post"}],"author":[{"embeddable":true,"href":"https:\/\/rocblanc.com\/es\/wp-json\/wp\/v2\/users\/9"}],"replies":[{"embeddable":true,"href":"https:\/\/rocblanc.com\/es\/wp-json\/wp\/v2\/comments?post=4328"}],"version-history":[{"count":0,"href":"https:\/\/rocblanc.com\/es\/wp-json\/wp\/v2\/posts\/4328\/revisions"}],"wp:featuredmedia":[{"embeddable":true,"href":"https:\/\/rocblanc.com\/es\/wp-json\/wp\/v2\/media\/4341"}],"wp:attachment":[{"href":"https:\/\/rocblanc.com\/es\/wp-json\/wp\/v2\/media?parent=4328"}],"wp:term":[{"taxonomy":"category","embeddable":true,"href":"https:\/\/rocblanc.com\/es\/wp-json\/wp\/v2\/categories?post=4328"},{"taxonomy":"post_tag","embeddable":true,"href":"https:\/\/rocblanc.com\/es\/wp-json\/wp\/v2\/tags?post=4328"}],"curies":[{"name":"wp","href":"https:\/\/api.w.org\/{rel}","templated":true}]}}